{"id":82,"date":"2019-01-08T12:00:27","date_gmt":"2019-01-08T12:00:27","guid":{"rendered":"http:\/\/www.movimentobloom.org.pt\/pt\/?p=82"},"modified":"2022-01-27T16:32:31","modified_gmt":"2022-01-27T16:32:31","slug":"escola-da-floresta-bloom-e-academia-do-conhecimento-gulbenkian","status":"publish","type":"post","link":"https:\/\/www.movimentobloom.org.pt\/pt\/2019\/01\/08\/escola-da-floresta-bloom-e-academia-do-conhecimento-gulbenkian\/","title":{"rendered":"Somos Academia do Conhecimento Gulbenkian"},"content":{"rendered":"\n<figure><iframe loading=\"lazy\" src=\"https:\/\/player.vimeo.com\/video\/302423734\" width=\"960\" height=\"540\" frameborder=\"0\" webkitallowfullscreen=\"\" mozallowfullscreen=\"\" allowfullscreen=\"\"><\/iframe><\/figure>\n\n\n\n<p class=\"has-text-align-left\"><\/p>\n\n\n\n<p class=\"has-text-align-left\">Foi com enorme alegria que assin\u00e1mos o protocolo das Academias do Conhecimento com a\u00a0<a href=\"https:\/\/www.facebook.com\/fundacaocaloustegulbenkian\/?__tn__=K-R&amp;eid=ARCbP_Td758k1lNlwR9Vi9yfaFGf-fQolCVnaYISfUErGi-EEoB6pgYh-GEYCnc8lWJzgPNiMGK9k34e&amp;fref=mentions&amp;__xts__%255B0%255D=68.ARAga6mn-0dDlHB_kK44o3GuGR4UBjdYw-J39cOPFoMEJDRne6cm7yoAqbson0fsGKapXbPUm7kkKy1MpEvyc8sXdLCaCGFhPEl_7tm3IbDBO8ctwnyiK9iVDJVR4PLPE7ueXrffu5fllZbKo-8h6ZAZh03Bvaz2YkZobm2xwYXYt0LI_is-MNhBBcBN5ELN52LwIySS8b6DmAbQXaWAloWH2bQgLpct33PqRZn44hYyUki1ygAbDhZF-MyMa0yFtuqFQ9mNMwWH8NTUxGsRykSZMl9PHWBK0kflNP_V5Mo0UBRNdgcJan6-FAyIu0quEBRxOsm0pNHfRzUlFq0rcrIv-g\">Funda\u00e7\u00e3o Calouste Gulbenkian<\/a>.<br>Durante o pr\u00f3ximos 9 meses o\u00a0<a href=\"https:\/\/www.facebook.com\/Movimento.Bloom\/?__tn__=K-R&amp;eid=ARD76NDK6TM1vFRKKaWH4roVVg0PheyD0dSPoRACZhmt7xmleBKjpqagZtdFzpLQiUxMXj7__5DAQUEs&amp;fref=mentions&amp;__xts__%255B0%255D=68.ARAga6mn-0dDlHB_kK44o3GuGR4UBjdYw-J39cOPFoMEJDRne6cm7yoAqbson0fsGKapXbPUm7kkKy1MpEvyc8sXdLCaCGFhPEl_7tm3IbDBO8ctwnyiK9iVDJVR4PLPE7ueXrffu5fllZbKo-8h6ZAZh03Bvaz2YkZobm2xwYXYt0LI_is-MNhBBcBN5ELN52LwIySS8b6DmAbQXaWAloWH2bQgLpct33PqRZn44hYyUki1ygAbDhZF-MyMa0yFtuqFQ9mNMwWH8NTUxGsRykSZMl9PHWBK0kflNP_V5Mo0UBRNdgcJan6-FAyIu0quEBRxOsm0pNHfRzUlFq0rcrIv-g\">Movimento Bloom<\/a>\u00a0estar\u00e1 de alma e cora\u00e7\u00e3o a trabalhar (e a brincar) na floresta com 170 alunos da\u00a0<a href=\"https:\/\/www.facebook.com\/profile.php?id=100014999610782&amp;__tn__=K-R&amp;eid=ARBiCj8dhx4DQkRKhvxyWJerSwFw15c9oNAqcpT90uwAo3KdogRSuI_tUSybqsHVO6sWdLtdbSKR3DnX&amp;fref=mentions&amp;__xts__%255B0%255D=68.ARAga6mn-0dDlHB_kK44o3GuGR4UBjdYw-J39cOPFoMEJDRne6cm7yoAqbson0fsGKapXbPUm7kkKy1MpEvyc8sXdLCaCGFhPEl_7tm3IbDBO8ctwnyiK9iVDJVR4PLPE7ueXrffu5fllZbKo-8h6ZAZh03Bvaz2YkZobm2xwYXYt0LI_is-MNhBBcBN5ELN52LwIySS8b6DmAbQXaWAloWH2bQgLpct33PqRZn44hYyUki1ygAbDhZF-MyMa0yFtuqFQ9mNMwWH8NTUxGsRykSZMl9PHWBK0kflNP_V5Mo0UBRNdgcJan6-FAyIu0quEBRxOsm0pNHfRzUlFq0rcrIv-g\">EB V\u00e1rzea de Sintra<\/a>\u00a0com o objetivo de promover nestas crian\u00e7as as compet\u00eancias definidas pela OCDE\/\u00a0<a href=\"https:\/\/www.facebook.com\/theOECD\/?__tn__=K-R&amp;eid=ARADM0VcRWyh4Eu8Z9K1wP_ts-tf4cuUDjgxOSixfUBh6PmbFF1_CbrfddiJkBzx_58eGifn-ySYTTHl&amp;fref=mentions&amp;__xts__%255B0%255D=68.ARAga6mn-0dDlHB_kK44o3GuGR4UBjdYw-J39cOPFoMEJDRne6cm7yoAqbson0fsGKapXbPUm7kkKy1MpEvyc8sXdLCaCGFhPEl_7tm3IbDBO8ctwnyiK9iVDJVR4PLPE7ueXrffu5fllZbKo-8h6ZAZh03Bvaz2YkZobm2xwYXYt0LI_is-MNhBBcBN5ELN52LwIySS8b6DmAbQXaWAloWH2bQgLpct33PqRZn44hYyUki1ygAbDhZF-MyMa0yFtuqFQ9mNMwWH8NTUxGsRykSZMl9PHWBK0kflNP_V5Mo0UBRNdgcJan6-FAyIu0quEBRxOsm0pNHfRzUlFq0rcrIv-g\">OECD<\/a>\u00a0como as fundamentais para ampliar as suas oportunidades de realiza\u00e7\u00e3o futura!<br><\/p>\n\n\n\n<figure class=\"wp-block-image\"><img loading=\"lazy\" decoding=\"async\" width=\"1280\" height=\"720\" src=\"http:\/\/www.movimentobloom.org.pt\/pt\/wp-content\/uploads\/2019\/01\/imagem-com-logo.png\" alt=\"\" class=\"wp-image-705\" srcset=\"https:\/\/www.movimentobloom.org.pt\/pt\/wp-content\/uploads\/2019\/01\/imagem-com-logo.png 1280w, https:\/\/www.movimentobloom.org.pt\/pt\/wp-content\/uploads\/2019\/01\/imagem-com-logo-300x169.png 300w, https:\/\/www.movimentobloom.org.pt\/pt\/wp-content\/uploads\/2019\/01\/imagem-com-logo-768x432.png 768w, https:\/\/www.movimentobloom.org.pt\/pt\/wp-content\/uploads\/2019\/01\/imagem-com-logo-1024x576.png 1024w\" sizes=\"auto, (max-width: 1280px) 100vw, 1280px\" \/><\/figure>\n\n\n\n<p class=\"has-text-align-left\">O nosso projeto Escola da Floresta Bloom foi seleccionado para ser Academia do Conhecimento da&nbsp;<a href=\"https:\/\/www.facebook.com\/fundacaocaloustegulbenkian\/?__tn__=K-R&amp;eid=ARAxweNye81fGTlG2aK4l1syBB4GC3gXyxEWjzEWLWx2pcbfV2eUC-ZJ7WTjFrAiHAnrVRiQZlRDQWxx&amp;fref=mentions&amp;__xts__%255B0%255D=68.ARA0GCd-fklQLKI0keuG_VEIsjdwZaEOxemSH9WYhUzBtJdoXuaNoUTksm8_RIa7xH6TUDp7VQY-LAQKahCYNRy3DhlW2aUzOIdQFlYAFHAr_XaY74HNOu9czvSE4ZZuHZtBhzIFhWA_VW-X5BWL0bmVwX1GXkGqsuanF3EkZI_-kWMn4-fPmIDtyrhENJsC2fLxQ0Jp68pqQ16ogB1lkQ1am5XCX6i-FbgFihziMfdTXO6jpFoLsGEwKVfAZfkZlAWzh4mUglCFxveBgRBuorrm-Hm6HK_KTOv3cpg1SuXoJU8j9Mb3gsd899oY6iM-qTujbTOrRmg75BQuhCADL_4U2g\">Funda\u00e7\u00e3o Calouste Gulbenkian<\/a>!&nbsp;Vamos promover a aprendizagem ao ar livre desenvolvendo um conjunto de compet\u00eancias s\u00f3cio-emocionais que s\u00e3o a chave para o futuro sustent\u00e1vel das nossas crian\u00e7as! Fiquem atentos!!<br><\/p>\n\n\n\n<div class=\"wp-block-image\"><figure class=\"aligncenter is-resized\"><img loading=\"lazy\" decoding=\"async\" src=\"http:\/\/www.movimentobloom.org.pt\/pt\/wp-content\/uploads\/2019\/01\/mushroom.png\" alt=\"\" class=\"wp-image-641\" width=\"71\" height=\"88\"\/><\/figure><\/div>\n","protected":false},"excerpt":{"rendered":"<p>Foi com enorme alegria que assin\u00e1mos o protocolo das Academias do Conhecimento com a\u00a0Funda\u00e7\u00e3o Calouste Gulbenkian.Durante o pr\u00f3ximos 9 meses o\u00a0Movimento Bloom\u00a0estar\u00e1 de alma e cora\u00e7\u00e3o a trabalhar (e a brincar) na floresta com 170 alunos da\u00a0EB V\u00e1rzea de Sintra\u00a0com o objetivo de promover nestas crian\u00e7as as compet\u00eancias definidas pela OCDE\/\u00a0OECD\u00a0como as fundamentais para ampliar <a href=\"https:\/\/www.movimentobloom.org.pt\/pt\/2019\/01\/08\/escola-da-floresta-bloom-e-academia-do-conhecimento-gulbenkian\/\" class=\"read-more\">Continue Reading<i class=\"ion-ios-arrow-right\"><\/i><\/a><\/p>\n","protected":false},"author":2,"featured_media":39,"comment_status":"closed","ping_status":"closed","sticky":false,"template":"","format":"video","meta":{"footnotes":""},"categories":[5],"tags":[],"class_list":["post-82","post","type-post","status-publish","format-video","has-post-thumbnail","hentry","category-noticias","post_format-post-format-video"],"_links":{"self":[{"href":"https:\/\/www.movimentobloom.org.pt\/pt\/wp-json\/wp\/v2\/posts\/82","targetHints":{"allow":["GET"]}}],"collection":[{"href":"https:\/\/www.movimentobloom.org.pt\/pt\/wp-json\/wp\/v2\/posts"}],"about":[{"href":"https:\/\/www.movimentobloom.org.pt\/pt\/wp-json\/wp\/v2\/types\/post"}],"author":[{"embeddable":true,"href":"https:\/\/www.movimentobloom.org.pt\/pt\/wp-json\/wp\/v2\/users\/2"}],"replies":[{"embeddable":true,"href":"https:\/\/www.movimentobloom.org.pt\/pt\/wp-json\/wp\/v2\/comments?post=82"}],"version-history":[{"count":25,"href":"https:\/\/www.movimentobloom.org.pt\/pt\/wp-json\/wp\/v2\/posts\/82\/revisions"}],"predecessor-version":[{"id":2018,"href":"https:\/\/www.movimentobloom.org.pt\/pt\/wp-json\/wp\/v2\/posts\/82\/revisions\/2018"}],"wp:featuredmedia":[{"embeddable":true,"href":"https:\/\/www.movimentobloom.org.pt\/pt\/wp-json\/wp\/v2\/media\/39"}],"wp:attachment":[{"href":"https:\/\/www.movimentobloom.org.pt\/pt\/wp-json\/wp\/v2\/media?parent=82"}],"wp:term":[{"taxonomy":"category","embeddable":true,"href":"https:\/\/www.movimentobloom.org.pt\/pt\/wp-json\/wp\/v2\/categories?post=82"},{"taxonomy":"post_tag","embeddable":true,"href":"https:\/\/www.movimentobloom.org.pt\/pt\/wp-json\/wp\/v2\/tags?post=82"}],"curies":[{"name":"wp","href":"https:\/\/api.w.org\/{rel}","templated":true}]}}