{"id":467,"date":"2019-01-09T16:45:00","date_gmt":"2019-01-09T16:45:00","guid":{"rendered":"http:\/\/www.movimentobloom.org.pt\/pt\/?p=467"},"modified":"2019-04-26T12:52:57","modified_gmt":"2019-04-26T12:52:57","slug":"conferencia-childrensnature-network","status":"publish","type":"post","link":"https:\/\/www.movimentobloom.org.pt\/pt\/2019\/01\/09\/conferencia-childrensnature-network\/","title":{"rendered":"Confer\u00eancia Childrens&#038;Nature Network"},"content":{"rendered":"\n<p style=\"text-align:left\">\u00c9 com enorme prazer que o Movimento Bloom far\u00e1 parte do painel de oradores da Confer\u00eancia <em>Children&amp;Nature<\/em> <em>Network<\/em> em Austin, Texas. A confer\u00eancia re\u00fane oradores de diferentes pa\u00edses todos juntos pelo movimento de re-ligar as crian\u00e7as \u00e0 Natureza. <\/p>\n\n\n\n<div class=\"wp-block-image\"><figure class=\"aligncenter is-resized\"><img loading=\"lazy\" decoding=\"async\" src=\"http:\/\/www.movimentobloom.org.pt\/pt\/wp-content\/uploads\/2019\/01\/ChildrenNatureSummit-1024x290.png\" alt=\"\" class=\"wp-image-810\" width=\"900\" height=\"290\"\/><\/figure><\/div>\n\n\n\n<p>Saiba mais em&nbsp;<a href=\"http:\/\/www.childrenandnature.org\/\">http:\/\/www.childrenandnature.org\/<\/a><\/p>\n\n\n\n<div class=\"wp-block-image\"><figure class=\"aligncenter is-resized\"><img loading=\"lazy\" decoding=\"async\" src=\"http:\/\/www.movimentobloom.org.pt\/pt\/wp-content\/uploads\/2019\/01\/mushroom.png\" alt=\"\" class=\"wp-image-641\" width=\"75\" height=\"92\"\/><\/figure><\/div>\n","protected":false},"excerpt":{"rendered":"<p>\u00c9 com enorme prazer que o Movimento Bloom far\u00e1 parte do painel de oradores da Confer\u00eancia Children&amp;Nature Network em Austin, Texas. A confer\u00eancia re\u00fane oradores de diferentes pa\u00edses todos juntos pelo movimento de re-ligar as crian\u00e7as \u00e0 Natureza. Saiba mais em&nbsp;http:\/\/www.childrenandnature.org\/<\/p>\n","protected":false},"author":3,"featured_media":291,"comment_status":"closed","ping_status":"closed","sticky":false,"template":"","format":"standard","meta":{"footnotes":""},"categories":[5],"tags":[],"class_list":["post-467","post","type-post","status-publish","format-standard","has-post-thumbnail","hentry","category-noticias"],"_links":{"self":[{"href":"https:\/\/www.movimentobloom.org.pt\/pt\/wp-json\/wp\/v2\/posts\/467","targetHints":{"allow":["GET"]}}],"collection":[{"href":"https:\/\/www.movimentobloom.org.pt\/pt\/wp-json\/wp\/v2\/posts"}],"about":[{"href":"https:\/\/www.movimentobloom.org.pt\/pt\/wp-json\/wp\/v2\/types\/post"}],"author":[{"embeddable":true,"href":"https:\/\/www.movimentobloom.org.pt\/pt\/wp-json\/wp\/v2\/users\/3"}],"replies":[{"embeddable":true,"href":"https:\/\/www.movimentobloom.org.pt\/pt\/wp-json\/wp\/v2\/comments?post=467"}],"version-history":[{"count":13,"href":"https:\/\/www.movimentobloom.org.pt\/pt\/wp-json\/wp\/v2\/posts\/467\/revisions"}],"predecessor-version":[{"id":881,"href":"https:\/\/www.movimentobloom.org.pt\/pt\/wp-json\/wp\/v2\/posts\/467\/revisions\/881"}],"wp:featuredmedia":[{"embeddable":true,"href":"https:\/\/www.movimentobloom.org.pt\/pt\/wp-json\/wp\/v2\/media\/291"}],"wp:attachment":[{"href":"https:\/\/www.movimentobloom.org.pt\/pt\/wp-json\/wp\/v2\/media?parent=467"}],"wp:term":[{"taxonomy":"category","embeddable":true,"href":"https:\/\/www.movimentobloom.org.pt\/pt\/wp-json\/wp\/v2\/categories?post=467"},{"taxonomy":"post_tag","embeddable":true,"href":"https:\/\/www.movimentobloom.org.pt\/pt\/wp-json\/wp\/v2\/tags?post=467"}],"curies":[{"name":"wp","href":"https:\/\/api.w.org\/{rel}","templated":true}]}}