{"id":1643,"date":"2021-12-06T14:00:31","date_gmt":"2021-12-06T14:00:31","guid":{"rendered":"http:\/\/www.movimentobloom.org.pt\/pt\/?p=1643"},"modified":"2022-01-27T16:25:42","modified_gmt":"2022-01-27T16:25:42","slug":"ferias-na-floresta-2021","status":"publish","type":"post","link":"https:\/\/www.movimentobloom.org.pt\/pt\/2021\/12\/06\/ferias-na-floresta-2021\/","title":{"rendered":"Natal na Floresta"},"content":{"rendered":"\n<p>Nesta \u00e9poca de az\u00e1fama e consumo vamos fomentar valores sustent\u00e1veis e uma consci\u00eancia ambiental! Ofere\u00e7a \u00e0s suas crian\u00e7as o melhor presente de Natal: AMOR pela sua Natureza!<br><\/p>\n\n\n\n<p><strong>22 e 23 dezembro | 27 a 30 dezembro<\/strong> |  <strong>09h30 \u00e0s 17h30<\/strong> <br><strong>6 aos 12 anos<\/strong>  <br>Parque Natural Sintra-Cascais<\/p>\n\n\n\n<figure class=\"wp-block-image\"><img loading=\"lazy\" decoding=\"async\" width=\"940\" height=\"788\" src=\"http:\/\/www.movimentobloom.org.pt\/pt\/wp-content\/uploads\/2021\/06\/EFB-Ferias-Natal-2021t.png\" alt=\"\" class=\"wp-image-1773\" srcset=\"https:\/\/www.movimentobloom.org.pt\/pt\/wp-content\/uploads\/2021\/06\/EFB-Ferias-Natal-2021t.png 940w, https:\/\/www.movimentobloom.org.pt\/pt\/wp-content\/uploads\/2021\/06\/EFB-Ferias-Natal-2021t-300x251.png 300w, https:\/\/www.movimentobloom.org.pt\/pt\/wp-content\/uploads\/2021\/06\/EFB-Ferias-Natal-2021t-768x644.png 768w\" sizes=\"auto, (max-width: 940px) 100vw, 940px\" \/><\/figure>\n\n\n\n<p>Mais informa\u00e7\u00f5es e inscri\u00e7\u00e3o <a href=\"http:\/\/www.movimentobloom.org.pt\/pt\/campos-de-ferias\/\">aqui.<\/a><\/p>\n","protected":false},"excerpt":{"rendered":"<p>Nesta \u00e9poca de az\u00e1fama e consumo vamos fomentar valores sustent\u00e1veis e uma consci\u00eancia ambiental! Ofere\u00e7a \u00e0s suas crian\u00e7as o melhor presente de Natal: AMOR pela sua Natureza! 22 e 23 dezembro | 27 a 30 dezembro | 09h30 \u00e0s 17h30 6 aos 12 anos Parque Natural Sintra-Cascais Mais informa\u00e7\u00f5es e inscri\u00e7\u00e3o aqui.<\/p>\n","protected":false},"author":2,"featured_media":1663,"comment_status":"open","ping_status":"open","sticky":false,"template":"","format":"standard","meta":{"footnotes":""},"categories":[5],"tags":[9,33,32,22,15,14],"class_list":["post-1643","post","type-post","status-publish","format-standard","has-post-thumbnail","hentry","category-noticias","tag-atividades-na-natureza","tag-atl","tag-campos-ferias","tag-criancas","tag-criancas-e-natureza","tag-forest-school"],"_links":{"self":[{"href":"https:\/\/www.movimentobloom.org.pt\/pt\/wp-json\/wp\/v2\/posts\/1643","targetHints":{"allow":["GET"]}}],"collection":[{"href":"https:\/\/www.movimentobloom.org.pt\/pt\/wp-json\/wp\/v2\/posts"}],"about":[{"href":"https:\/\/www.movimentobloom.org.pt\/pt\/wp-json\/wp\/v2\/types\/post"}],"author":[{"embeddable":true,"href":"https:\/\/www.movimentobloom.org.pt\/pt\/wp-json\/wp\/v2\/users\/2"}],"replies":[{"embeddable":true,"href":"https:\/\/www.movimentobloom.org.pt\/pt\/wp-json\/wp\/v2\/comments?post=1643"}],"version-history":[{"count":9,"href":"https:\/\/www.movimentobloom.org.pt\/pt\/wp-json\/wp\/v2\/posts\/1643\/revisions"}],"predecessor-version":[{"id":1775,"href":"https:\/\/www.movimentobloom.org.pt\/pt\/wp-json\/wp\/v2\/posts\/1643\/revisions\/1775"}],"wp:featuredmedia":[{"embeddable":true,"href":"https:\/\/www.movimentobloom.org.pt\/pt\/wp-json\/wp\/v2\/media\/1663"}],"wp:attachment":[{"href":"https:\/\/www.movimentobloom.org.pt\/pt\/wp-json\/wp\/v2\/media?parent=1643"}],"wp:term":[{"taxonomy":"category","embeddable":true,"href":"https:\/\/www.movimentobloom.org.pt\/pt\/wp-json\/wp\/v2\/categories?post=1643"},{"taxonomy":"post_tag","embeddable":true,"href":"https:\/\/www.movimentobloom.org.pt\/pt\/wp-json\/wp\/v2\/tags?post=1643"}],"curies":[{"name":"wp","href":"https:\/\/api.w.org\/{rel}","templated":true}]}}