{"id":1307,"date":"2020-04-21T13:40:58","date_gmt":"2020-04-21T13:40:58","guid":{"rendered":"http:\/\/www.movimentobloom.org.pt\/pt\/?p=1307"},"modified":"2022-01-27T16:26:30","modified_gmt":"2022-01-27T16:26:30","slug":"a-importancia-da-promocao-do-brincar-livre-em-tempo-de-isolamento-e-distanciamento-social","status":"publish","type":"post","link":"https:\/\/www.movimentobloom.org.pt\/pt\/2020\/04\/21\/a-importancia-da-promocao-do-brincar-livre-em-tempo-de-isolamento-e-distanciamento-social\/","title":{"rendered":"Brincar livre em tempo de isolamento"},"content":{"rendered":"\n<p><strong>A import\u00e2ncia da promo\u00e7\u00e3o do brincar livre em tempo de isolamento e distanciamento social\u00a0<\/strong><\/p>\n\n\n\n<p><em>Num comunicado partilhado com a equipa do Movimento Bloom, a IPA Portugal \u201cInternational Play Association\u201d refor\u00e7a que em per\u00edodo de quarentena \u00e9 importante que as crian\u00e7as tenham oportunidade de brincar livremente em espa\u00e7os de qualidade, seja no interior ou no exterior. O Movimento Bloom pretende assim refor\u00e7ar a seguinte mensagem junto da sua comunidade. Esta mensagem tem por base a informa\u00e7\u00e3o disponibilizada pela IPA Portugal e incorpora tamb\u00e9m opini\u00f5es expressas pela equipa do Movimento Bloom.<\/em><\/p>\n\n\n\n<div style=\"height:25px\" aria-hidden=\"true\" class=\"wp-block-spacer\"><\/div>\n\n\n\n<p>Num per\u00edodo em que estamos recolhidos em casa uma quest\u00e3o fundamental, mas por vezes esquecida, coloca-se \u00e0 sociedade, especialmente aos pais, m\u00e3es e educadores que t\u00eam crian\u00e7as ao seu cuidado: <strong>em que espa\u00e7os interiores e exteriores podem as crian\u00e7as exercer o seu direito de brincar livremente, sem restri\u00e7\u00f5es ou constrangimentos?<\/strong><br><\/p>\n\n\n\n<p>Para al\u00e9m de um direito fundamental, brincar \u00e9 vital para o desenvolvimento individual das crian\u00e7as. A IPA refere que \u00e9 \u201catrav\u00e9s do brincar que as crian\u00e7as fazem aprendizagens essenciais para a sua sobreviv\u00eancia; desenvolvem compet\u00eancias motoras, sociais, cognitivas, emocionais e neuronais; adaptam-se \u00e0 novidade; e tornam-se aut\u00f3nomas, independentes, auto-confiantes e resilientes.\u201d E \u00e9 assim, conseguem aprender de um modo abrangente sobre elas pr\u00f3prias, o ambiente que lhes rodeia e sobre os outros.<br><\/p>\n\n\n\n<p>Num momento marcado pela pandemia do COVID-19 experienciamos coletivamente um constrangimento espacial e social sem precedentes. O necess\u00e1rio contacto com o mundo exterior foi reduzido maioritariamente \u00e0s nossas janelas, quintais ou varandas. <\/p>\n\n\n\n<blockquote class=\"wp-block-quote is-layout-flow wp-block-quote-is-layout-flow\"><p><strong>Tendo no\u00e7\u00e3o das atuais restri\u00e7\u00f5es imp\u00f5e-se a reflex\u00e3o sobre a qualidade dos espa\u00e7os interiores e exteriores disponibilizados para as crian\u00e7as. <\/strong><br><\/p><\/blockquote>\n\n\n\n<p>Os espa\u00e7os interiores, que agora s\u00e3o ocupados pelo seio familiar quase 24 horas por dia, tornando-se escrit\u00f3rios, salas de aula, espa\u00e7os para brincar e descansar, merecem especial aten\u00e7\u00e3o. Em rela\u00e7\u00e3o a estes espa\u00e7os, a IPA Portugal afirma que&nbsp; \u201c\u00e9 importante que os pais e respons\u00e1veis pelas crian\u00e7as lhes possibilitam a oportunidade e a liberdade\u201d. Os resultados desta abordagem s\u00e3o vis\u00edveis, &#8211; a criatividade e resolu\u00e7\u00e3o de problemas s\u00e3o apenas alguns dos benef\u00edcios. <\/p>\n\n\n\n<div style=\"height:25px\" aria-hidden=\"true\" class=\"wp-block-spacer\"><\/div>\n\n\n\n<div class=\"wp-block-image\"><figure class=\"aligncenter\"><img loading=\"lazy\" decoding=\"async\" width=\"1024\" height=\"678\" src=\"http:\/\/www.movimentobloom.org.pt\/pt\/wp-content\/uploads\/2020\/04\/kelly-sikkema-k4xoACkQZiw-unsplash-1-1024x678.jpg\" alt=\"Crian\u00e7a a pintar ovos\" class=\"wp-image-1314\" srcset=\"https:\/\/www.movimentobloom.org.pt\/pt\/wp-content\/uploads\/2020\/04\/kelly-sikkema-k4xoACkQZiw-unsplash-1-1024x678.jpg 1024w, https:\/\/www.movimentobloom.org.pt\/pt\/wp-content\/uploads\/2020\/04\/kelly-sikkema-k4xoACkQZiw-unsplash-1-300x199.jpg 300w, https:\/\/www.movimentobloom.org.pt\/pt\/wp-content\/uploads\/2020\/04\/kelly-sikkema-k4xoACkQZiw-unsplash-1-768x509.jpg 768w\" sizes=\"auto, (max-width: 1024px) 100vw, 1024px\" \/><figcaption>Seja no interior ou exterior \u00e9 importante que os pais permitam a oportunidade de brincar livremente. Foto: Kelly Sikkema \/ Unsplash<\/figcaption><\/figure><\/div>\n\n\n\n<div style=\"height:25px\" aria-hidden=\"true\" class=\"wp-block-spacer\"><\/div>\n\n\n\n<p>Enquanto pai, m\u00e3e ou educador dever\u00e1 colocar \u00e0 disposi\u00e7\u00e3o todos os ingredientes necess\u00e1rios para que as crian\u00e7as possam livremente criar o seu mundo m\u00e1gico. Que \u201ctralha\u201d tem a\u00ed por casa e que uso criativo lhe pode dar? Aos nossos olhos podem ser apenas objetos mas para os mais pequenos h\u00e1 um universo de possibilidades quando lhes damos os materiais f\u00edsicos e emocionais necess\u00e1rios para dirigir as suas pr\u00f3prias brincadeiras.&nbsp;<br><\/p>\n\n\n\n<p>Enquanto organiza\u00e7\u00e3o o prop\u00f3sito do Movimento Bloom visa inspirar e promover o contacto direto com a natureza. \u00c9 especialmente dif\u00edcil quando parques se encontram encerrados e a nossa pr\u00f3pria <a href=\"http:\/\/www.movimentobloom.org.pt\/pt\/escola-da-floresta\/\">Escola da Floresta<\/a> est\u00e1 temporariamente encerrada tamb\u00e9m. Mas \u00e9 aqui que a nossa miss\u00e3o se torna mais relevante que nunca. Acreditamos que o mundo exterior n\u00e3o est\u00e1 cancelado, apenas o nosso contacto com ele deve ser pensado de uma forma diferente.&nbsp;<br><\/p>\n\n\n\n<p>Em rela\u00e7\u00e3o ao espa\u00e7o exterior, tendo no\u00e7\u00e3o das implica\u00e7\u00f5es que a restri\u00e7\u00e3o do contacto com a natureza tem para a sa\u00fade das crian\u00e7as, at\u00e9 \u00e0 data (21 de abril), as medidas governamentais possibilitam sa\u00eddas de curta dura\u00e7\u00e3o e junto da \u00e1rea residencial, de forma a que as fam\u00edlias possam usufruir do essencial contacto com a natureza e pr\u00e1tica de exerc\u00edcio f\u00edsico. Estes passeios dever\u00e3o respeitar as regras de isolamento social bem como evitar o contacto com superf\u00edcies que possam com potencial de transmiss\u00e3o do v\u00edrus (exemplo: parques infantis, pl\u00e1stico e metal dos equipamentos l\u00fadicos, corrim\u00e3os, etc.). <\/p>\n\n\n\n<div style=\"height:25px\" aria-hidden=\"true\" class=\"wp-block-spacer\"><\/div>\n\n\n\n<figure class=\"wp-block-image\"><img loading=\"lazy\" decoding=\"async\" width=\"1024\" height=\"684\" src=\"http:\/\/www.movimentobloom.org.pt\/pt\/wp-content\/uploads\/2020\/04\/michal-vrba-lmD-l8VGMxI-unsplash-1-1024x684.jpg\" alt=\"Crian\u00e7a a andar de bicicleta\" class=\"wp-image-1315\" srcset=\"https:\/\/www.movimentobloom.org.pt\/pt\/wp-content\/uploads\/2020\/04\/michal-vrba-lmD-l8VGMxI-unsplash-1-1024x684.jpg 1024w, https:\/\/www.movimentobloom.org.pt\/pt\/wp-content\/uploads\/2020\/04\/michal-vrba-lmD-l8VGMxI-unsplash-1-300x200.jpg 300w, https:\/\/www.movimentobloom.org.pt\/pt\/wp-content\/uploads\/2020\/04\/michal-vrba-lmD-l8VGMxI-unsplash-1-768x513.jpg 768w\" sizes=\"auto, (max-width: 1024px) 100vw, 1024px\" \/><figcaption>A possibilidade das crian\u00e7as brincarem nos espa\u00e7os naturalizados residenciais \u00e9 fundamental para a sua sa\u00fade, bem-estar e desenvolvimento em circunst\u00e2ncias normais. <br>Foto: Michal Vrba \/ Unsplash<\/figcaption><\/figure>\n\n\n\n<div style=\"height:25px\" aria-hidden=\"true\" class=\"wp-block-spacer\"><\/div>\n\n\n\n<p>De acordo com a IPA Portugal, \u201ca possibilidade das crian\u00e7as brincarem nos espa\u00e7os naturalizados residenciais \u00e9 fundamental para a sua sa\u00fade, bem-estar e desenvolvimento em circunst\u00e2ncias normais, e ainda mais nas circunst\u00e2ncias atuais marcadas pelo isolamento e distanciamento social.\u201d<\/p>\n\n\n\n<p>A atividade praticada no espa\u00e7o exterior deve favorecer o exerc\u00edcio f\u00edsico, visto este aumentar as defesas das crian\u00e7as. Lembre-se da import\u00e2ncia da exposi\u00e7\u00e3o \u00e0 luz do sol, que tamb\u00e9m estimula o sistema imunit\u00e1rio e reduz o risco de infe\u00e7\u00e3o.<br><\/p>\n\n\n\n<p>Se \u00e9 poss\u00edvel sair \u00e0 rua com os seus filhos ou educandos, tente que haja contacto contacto com elementos naturais (\u00e1rvores, folhas, flores, \u00e1gua, areia e terra). Recorde-se dos tempos da sua pr\u00f3pria inf\u00e2ncia e dos jogos tradicionais, como jogar \u00e0 apanhada. Opte por correr, saltar, andar de bicicleta, etc. Deixe os mais pequenos ditar o que devem fazer de vez em quando e entre na brincadeira. Pode surpreender-se da divers\u00e3o que lhe espera. <\/p>\n\n\n\n<p>Caso n\u00e3o consiga sair para pequenos passeios pode encontrar inspira\u00e7\u00e3o em v\u00e1rios s\u00edtios da internet. Inclusive a nossa equipa agrupou v\u00e1rias atividades para toda a fam\u00edlia, &#8211; listados <a href=\"http:\/\/www.movimentobloom.org.pt\/pt\/2020\/04\/07\/fique-em-casa-ideias-para-atividades-com-criancas-1\/\">aqui<\/a> e <a href=\"http:\/\/www.movimentobloom.org.pt\/pt\/2020\/04\/07\/fique-em-casa-ideias-para-atividades-com-criancas-2\/\">aqui<\/a>.<\/p>\n\n\n\n<p><br><\/p>\n\n\n\n<p>E do vosso lado? Querem partilhar um momento ou mensagem que marcaram as \u00faltimas semanas? Se sim, entrem em contacto com a equipa do Movimento Bloom em <a rel=\"noreferrer noopener\" href=\"mailto:info@movimentobloom.org.pt\" target=\"_blank\">info@movimentobloom.org.pt<\/a>&nbsp;ou atrav\u00e9s das nossas redes sociais.<\/p>\n\n\n\n<p><br><\/p>\n\n\n\n<p>Seja no interior ou exterior estamos unidos pela natureza.<\/p>\n\n\n\n<p>Equipa do Movimento Bloom<br><\/p>\n\n\n\n<p><br><\/p>\n\n\n\n<p><br><\/p>\n","protected":false},"excerpt":{"rendered":"<p>A import\u00e2ncia da promo\u00e7\u00e3o do brincar livre em tempo de isolamento e distanciamento social\u00a0 Num comunicado partilhado com a equipa do Movimento Bloom, a IPA Portugal \u201cInternational Play Association\u201d refor\u00e7a que em per\u00edodo de quarentena \u00e9 importante que as crian\u00e7as tenham oportunidade de brincar livremente em espa\u00e7os de qualidade, seja no interior ou no exterior. <a href=\"https:\/\/www.movimentobloom.org.pt\/pt\/2020\/04\/21\/a-importancia-da-promocao-do-brincar-livre-em-tempo-de-isolamento-e-distanciamento-social\/\" class=\"read-more\">Continue Reading<i class=\"ion-ios-arrow-right\"><\/i><\/a><\/p>\n","protected":false},"author":4,"featured_media":1331,"comment_status":"open","ping_status":"open","sticky":false,"template":"","format":"standard","meta":{"footnotes":""},"categories":[5],"tags":[19,8,9,15,25,30],"class_list":["post-1307","post","type-post","status-publish","format-standard","has-post-thumbnail","hentry","category-noticias","tag-movimentobloom","tag-atividades-em-familia","tag-atividades-na-natureza","tag-criancas-e-natureza","tag-educacao-ambiental","tag-fique-em-casa"],"_links":{"self":[{"href":"https:\/\/www.movimentobloom.org.pt\/pt\/wp-json\/wp\/v2\/posts\/1307","targetHints":{"allow":["GET"]}}],"collection":[{"href":"https:\/\/www.movimentobloom.org.pt\/pt\/wp-json\/wp\/v2\/posts"}],"about":[{"href":"https:\/\/www.movimentobloom.org.pt\/pt\/wp-json\/wp\/v2\/types\/post"}],"author":[{"embeddable":true,"href":"https:\/\/www.movimentobloom.org.pt\/pt\/wp-json\/wp\/v2\/users\/4"}],"replies":[{"embeddable":true,"href":"https:\/\/www.movimentobloom.org.pt\/pt\/wp-json\/wp\/v2\/comments?post=1307"}],"version-history":[{"count":37,"href":"https:\/\/www.movimentobloom.org.pt\/pt\/wp-json\/wp\/v2\/posts\/1307\/revisions"}],"predecessor-version":[{"id":2009,"href":"https:\/\/www.movimentobloom.org.pt\/pt\/wp-json\/wp\/v2\/posts\/1307\/revisions\/2009"}],"wp:featuredmedia":[{"embeddable":true,"href":"https:\/\/www.movimentobloom.org.pt\/pt\/wp-json\/wp\/v2\/media\/1331"}],"wp:attachment":[{"href":"https:\/\/www.movimentobloom.org.pt\/pt\/wp-json\/wp\/v2\/media?parent=1307"}],"wp:term":[{"taxonomy":"category","embeddable":true,"href":"https:\/\/www.movimentobloom.org.pt\/pt\/wp-json\/wp\/v2\/categories?post=1307"},{"taxonomy":"post_tag","embeddable":true,"href":"https:\/\/www.movimentobloom.org.pt\/pt\/wp-json\/wp\/v2\/tags?post=1307"}],"curies":[{"name":"wp","href":"https:\/\/api.w.org\/{rel}","templated":true}]}}