{"id":1139,"date":"2020-04-07T16:46:23","date_gmt":"2020-04-07T16:46:23","guid":{"rendered":"http:\/\/www.movimentobloom.org.pt\/pt\/?p=1139"},"modified":"2020-04-11T18:47:32","modified_gmt":"2020-04-11T18:47:32","slug":"fique-em-casa-ideias-para-atividades-com-criancas-1","status":"publish","type":"post","link":"https:\/\/www.movimentobloom.org.pt\/pt\/2020\/04\/07\/fique-em-casa-ideias-para-atividades-com-criancas-1\/","title":{"rendered":"Fique Em Casa: Ideias para atividades com Crian\u00e7as (Parte 1)"},"content":{"rendered":"\n<p>Durante um per\u00edodo em que estamos recolhidos em casa e, por isso, limitados de um contacto direto com o mundo exterior, nunca foi t\u00e3o relevante <strong>encontrar formas criativas que nos permitam manter a liga\u00e7\u00e3o com a natureza<\/strong>. Mais do que nunca estamos aqui para ti. E o qu\u00e3o f\u00e1cil \u00e9 trazer a natureza para dentro de casa! <br><\/p>\n\n\n\n<p>Hoje trazemos-te atividades relacionadas com pequenos tesouros que podes recolher ao teu redor&#8230;folhas, flores e sementes. Tens tesouros guardados? Consegues recolher folhas e flores no teu quintal? Prepara-te, l\u00ea as instru\u00e7\u00f5es e chama o resto da fam\u00edlia para se juntar \u00e0 divers\u00e3o!<\/p>\n\n\n\n<p><strong>Nota: <\/strong><em>Se por acaso n\u00e3o encontraste folhinhas ou te falta algum material, n\u00e3o te preocupes. Quando um adulto for \u00e0s compras, pode trazer-te o que \u00e9 preciso! Pede-lhe para ir atento ao caminho, ou fazer uma breve paragem num jardim perto de tua casa, porque de certeza que l\u00e1 haver\u00e1 muitas folhinhas e flores para tu usares. <\/em><\/p>\n\n\n\n<p><\/p>\n\n\n\n<h3 class=\"wp-block-heading\">Tesouros da Primavera<\/h3>\n\n\n\n<p>Para esta atividade precisas de folhas, sementes (ou outros tesouros que tenhas em casa), bem como outros materiais que usas na escola. <\/p>\n\n\n\n<p><strong>Materiais: Folhas, Flores e Sementes (sem arrancar), Caixa de Ovos, Cola, Papel e L\u00e1pis.<\/strong><\/p>\n\n\n\n<ul class=\"wp-block-gallery aligncenter columns-2 is-cropped wp-block-gallery-1 is-layout-flex wp-block-gallery-is-layout-flex\"><li class=\"blocks-gallery-item\"><figure><img decoding=\"async\" src=\"http:\/\/www.movimentobloom.org.pt\/pt\/wp-content\/uploads\/2020\/03\/1.png\" alt=\"\" data-id=\"1140\" data-link=\"http:\/\/www.movimentobloom.org.pt\/pt\/?attachment_id=1140\" class=\"wp-image-1140\"\/><\/figure><\/li><li class=\"blocks-gallery-item\"><figure><img decoding=\"async\" src=\"http:\/\/www.movimentobloom.org.pt\/pt\/wp-content\/uploads\/2020\/03\/2.png\" alt=\"\" data-id=\"1141\" data-link=\"http:\/\/www.movimentobloom.org.pt\/pt\/?attachment_id=1141\" class=\"wp-image-1141\"\/><\/figure><\/li><li class=\"blocks-gallery-item\"><figure><img loading=\"lazy\" decoding=\"async\" width=\"940\" height=\"788\" src=\"http:\/\/www.movimentobloom.org.pt\/pt\/wp-content\/uploads\/2020\/04\/Fique-em-Casa_1.png\" alt=\"\" data-id=\"1215\" data-link=\"http:\/\/www.movimentobloom.org.pt\/pt\/?attachment_id=1215\" class=\"wp-image-1215\" srcset=\"https:\/\/www.movimentobloom.org.pt\/pt\/wp-content\/uploads\/2020\/04\/Fique-em-Casa_1.png 940w, https:\/\/www.movimentobloom.org.pt\/pt\/wp-content\/uploads\/2020\/04\/Fique-em-Casa_1-300x251.png 300w, https:\/\/www.movimentobloom.org.pt\/pt\/wp-content\/uploads\/2020\/04\/Fique-em-Casa_1-768x644.png 768w\" sizes=\"auto, (max-width: 940px) 100vw, 940px\" \/><\/figure><\/li><li class=\"blocks-gallery-item\"><figure><img loading=\"lazy\" decoding=\"async\" width=\"940\" height=\"788\" src=\"http:\/\/www.movimentobloom.org.pt\/pt\/wp-content\/uploads\/2020\/04\/Fique-em-Casa_2.png\" alt=\"\" data-id=\"1216\" data-link=\"http:\/\/www.movimentobloom.org.pt\/pt\/?attachment_id=1216\" class=\"wp-image-1216\" srcset=\"https:\/\/www.movimentobloom.org.pt\/pt\/wp-content\/uploads\/2020\/04\/Fique-em-Casa_2.png 940w, https:\/\/www.movimentobloom.org.pt\/pt\/wp-content\/uploads\/2020\/04\/Fique-em-Casa_2-300x251.png 300w, https:\/\/www.movimentobloom.org.pt\/pt\/wp-content\/uploads\/2020\/04\/Fique-em-Casa_2-768x644.png 768w\" sizes=\"auto, (max-width: 940px) 100vw, 940px\" \/><\/figure><\/li><\/ul>\n\n\n\n<div class=\"wp-block-image\"><figure class=\"aligncenter is-resized\"><img loading=\"lazy\" decoding=\"async\" src=\"http:\/\/www.movimentobloom.org.pt\/pt\/wp-content\/uploads\/2020\/04\/Fique-em-Casa_3-300x251.png\" alt=\"\" class=\"wp-image-1217\" width=\"453\" height=\"379\" srcset=\"https:\/\/www.movimentobloom.org.pt\/pt\/wp-content\/uploads\/2020\/04\/Fique-em-Casa_3-300x251.png 300w, https:\/\/www.movimentobloom.org.pt\/pt\/wp-content\/uploads\/2020\/04\/Fique-em-Casa_3-768x644.png 768w, https:\/\/www.movimentobloom.org.pt\/pt\/wp-content\/uploads\/2020\/04\/Fique-em-Casa_3.png 940w\" sizes=\"auto, (max-width: 453px) 100vw, 453px\" \/><\/figure><\/div>\n\n\n\n<h3 class=\"wp-block-heading\">Folhas Seladas<\/h3>\n\n\n\n<p>Presta aten\u00e7\u00e3o \u00e0 tua volta&#8230;Encontras folhinhas ca\u00eddas no ch\u00e3o da tua varanda ou no beirado da tua janela, trazidas pelo vento? Sim? Ent\u00e3o vamos a isto. Recolhe-as com cuidado e v\u00ea se tens a\u00ed por casa estes materiais que usas na escola. <\/p>\n\n\n<p><strong>Materiais: Folhas, Flores e Sementes (sem arrancar), Barro ou Pasta de Gesso de modelar, Tintas e Pinc\u00e9is.<\/strong><\/p>\n\n\n<ul class=\"wp-block-gallery columns-2 is-cropped wp-block-gallery-2 is-layout-flex wp-block-gallery-is-layout-flex\"><li class=\"blocks-gallery-item\"><figure><img loading=\"lazy\" decoding=\"async\" width=\"940\" height=\"788\" src=\"http:\/\/www.movimentobloom.org.pt\/pt\/wp-content\/uploads\/2020\/04\/1.png\" alt=\"\" data-id=\"1227\" data-link=\"http:\/\/www.movimentobloom.org.pt\/pt\/?attachment_id=1227\" class=\"wp-image-1227\" srcset=\"https:\/\/www.movimentobloom.org.pt\/pt\/wp-content\/uploads\/2020\/04\/1.png 940w, https:\/\/www.movimentobloom.org.pt\/pt\/wp-content\/uploads\/2020\/04\/1-300x251.png 300w, https:\/\/www.movimentobloom.org.pt\/pt\/wp-content\/uploads\/2020\/04\/1-768x644.png 768w\" sizes=\"auto, (max-width: 940px) 100vw, 940px\" \/><\/figure><\/li><li class=\"blocks-gallery-item\"><figure><img loading=\"lazy\" decoding=\"async\" width=\"940\" height=\"788\" src=\"http:\/\/www.movimentobloom.org.pt\/pt\/wp-content\/uploads\/2020\/04\/2.png\" alt=\"\" data-id=\"1228\" data-link=\"http:\/\/www.movimentobloom.org.pt\/pt\/?attachment_id=1228\" class=\"wp-image-1228\" srcset=\"https:\/\/www.movimentobloom.org.pt\/pt\/wp-content\/uploads\/2020\/04\/2.png 940w, https:\/\/www.movimentobloom.org.pt\/pt\/wp-content\/uploads\/2020\/04\/2-300x251.png 300w, https:\/\/www.movimentobloom.org.pt\/pt\/wp-content\/uploads\/2020\/04\/2-768x644.png 768w\" sizes=\"auto, (max-width: 940px) 100vw, 940px\" \/><\/figure><\/li><\/ul>\n\n\n\n<div class=\"wp-block-image\"><figure class=\"aligncenter is-resized\"><img loading=\"lazy\" decoding=\"async\" src=\"http:\/\/www.movimentobloom.org.pt\/pt\/wp-content\/uploads\/2020\/04\/3.png\" alt=\"\" class=\"wp-image-1229\" width=\"453\" height=\"379\" srcset=\"https:\/\/www.movimentobloom.org.pt\/pt\/wp-content\/uploads\/2020\/04\/3.png 940w, https:\/\/www.movimentobloom.org.pt\/pt\/wp-content\/uploads\/2020\/04\/3-300x251.png 300w, https:\/\/www.movimentobloom.org.pt\/pt\/wp-content\/uploads\/2020\/04\/3-768x644.png 768w\" sizes=\"auto, (max-width: 453px) 100vw, 453px\" \/><\/figure><\/div>\n\n\n\n<figure class=\"wp-block-video\"><video controls src=\"http:\/\/www.movimentobloom.org.pt\/pt\/wp-content\/uploads\/2020\/04\/Fique_em_casa.mp4\"><\/video><figcaption>Aqui podes ver um v\u00eddeo que exemplifica a atividade descrita acima<\/figcaption><\/figure>\n\n\n\n<h3 class=\"wp-block-heading\" id=\"mce_0\">Lanternas M\u00e1gicas<\/h3>\n\n\n\n<p>Desliga as luzes e ilumina o planeta de esperan\u00e7a e amor!  Seja para pendurar no quintal ou dentro de casa, em noites de sol ou chuva, estas lanternas t\u00eam a magia da tua luz interior, s\u00e3o simples e bem divertidas de se fazer.  <\/p>\n\n\n\n<p>Convida a tua fam\u00edlia a fazerem juntos, cada um a sua lanterna, para encher a vossa casa de luz.<\/p>\n\n\n\n<p><strong>Materiais: Folhas e Flores, Frascos de Vidro Reciclado, Cordel, Cola, Papelinhos<\/strong><\/p>\n\n\n\n<ul class=\"wp-block-gallery columns-2 is-cropped wp-block-gallery-3 is-layout-flex wp-block-gallery-is-layout-flex\"><li class=\"blocks-gallery-item\"><figure><img loading=\"lazy\" decoding=\"async\" width=\"940\" height=\"788\" src=\"http:\/\/www.movimentobloom.org.pt\/pt\/wp-content\/uploads\/2020\/04\/LanternasMagicas-1.jpg\" alt=\"\" data-id=\"1252\" data-link=\"http:\/\/www.movimentobloom.org.pt\/pt\/?attachment_id=1252\" class=\"wp-image-1252\" srcset=\"https:\/\/www.movimentobloom.org.pt\/pt\/wp-content\/uploads\/2020\/04\/LanternasMagicas-1.jpg 940w, https:\/\/www.movimentobloom.org.pt\/pt\/wp-content\/uploads\/2020\/04\/LanternasMagicas-1-300x251.jpg 300w, https:\/\/www.movimentobloom.org.pt\/pt\/wp-content\/uploads\/2020\/04\/LanternasMagicas-1-768x644.jpg 768w\" sizes=\"auto, (max-width: 940px) 100vw, 940px\" \/><\/figure><\/li><li class=\"blocks-gallery-item\"><figure><img loading=\"lazy\" decoding=\"async\" width=\"940\" height=\"788\" src=\"http:\/\/www.movimentobloom.org.pt\/pt\/wp-content\/uploads\/2020\/04\/LanternasMagicas-2.jpg\" alt=\"\" data-id=\"1253\" data-link=\"http:\/\/www.movimentobloom.org.pt\/pt\/?attachment_id=1253\" class=\"wp-image-1253\" srcset=\"https:\/\/www.movimentobloom.org.pt\/pt\/wp-content\/uploads\/2020\/04\/LanternasMagicas-2.jpg 940w, https:\/\/www.movimentobloom.org.pt\/pt\/wp-content\/uploads\/2020\/04\/LanternasMagicas-2-300x251.jpg 300w, https:\/\/www.movimentobloom.org.pt\/pt\/wp-content\/uploads\/2020\/04\/LanternasMagicas-2-768x644.jpg 768w\" sizes=\"auto, (max-width: 940px) 100vw, 940px\" \/><\/figure><\/li><\/ul>\n\n\n\n<div class=\"wp-block-image\"><figure class=\"aligncenter is-resized\"><img loading=\"lazy\" decoding=\"async\" src=\"http:\/\/www.movimentobloom.org.pt\/pt\/wp-content\/uploads\/2020\/04\/LanternasMagicas-3.jpg\" alt=\"\" class=\"wp-image-1254\" width=\"453\" height=\"379\" srcset=\"https:\/\/www.movimentobloom.org.pt\/pt\/wp-content\/uploads\/2020\/04\/LanternasMagicas-3.jpg 940w, https:\/\/www.movimentobloom.org.pt\/pt\/wp-content\/uploads\/2020\/04\/LanternasMagicas-3-300x251.jpg 300w, https:\/\/www.movimentobloom.org.pt\/pt\/wp-content\/uploads\/2020\/04\/LanternasMagicas-3-768x644.jpg 768w\" sizes=\"auto, (max-width: 453px) 100vw, 453px\" \/><\/figure><\/div>\n","protected":false},"excerpt":{"rendered":"<p>Durante um per\u00edodo em que estamos recolhidos em casa e, por isso, limitados de um contacto direto com o mundo exterior, nunca foi t\u00e3o relevante encontrar formas criativas que nos permitam manter a liga\u00e7\u00e3o com a natureza. Mais do que nunca estamos aqui para ti. E o qu\u00e3o f\u00e1cil \u00e9 trazer a natureza para dentro <a href=\"https:\/\/www.movimentobloom.org.pt\/pt\/2020\/04\/07\/fique-em-casa-ideias-para-atividades-com-criancas-1\/\" class=\"read-more\">Continue Reading<i class=\"ion-ios-arrow-right\"><\/i><\/a><\/p>\n","protected":false},"author":4,"featured_media":1245,"comment_status":"open","ping_status":"open","sticky":false,"template":"","format":"standard","meta":{"footnotes":""},"categories":[5],"tags":[8,15,25,30],"class_list":["post-1139","post","type-post","status-publish","format-standard","has-post-thumbnail","hentry","category-noticias","tag-atividades-em-familia","tag-criancas-e-natureza","tag-educacao-ambiental","tag-fique-em-casa"],"_links":{"self":[{"href":"https:\/\/www.movimentobloom.org.pt\/pt\/wp-json\/wp\/v2\/posts\/1139","targetHints":{"allow":["GET"]}}],"collection":[{"href":"https:\/\/www.movimentobloom.org.pt\/pt\/wp-json\/wp\/v2\/posts"}],"about":[{"href":"https:\/\/www.movimentobloom.org.pt\/pt\/wp-json\/wp\/v2\/types\/post"}],"author":[{"embeddable":true,"href":"https:\/\/www.movimentobloom.org.pt\/pt\/wp-json\/wp\/v2\/users\/4"}],"replies":[{"embeddable":true,"href":"https:\/\/www.movimentobloom.org.pt\/pt\/wp-json\/wp\/v2\/comments?post=1139"}],"version-history":[{"count":75,"href":"https:\/\/www.movimentobloom.org.pt\/pt\/wp-json\/wp\/v2\/posts\/1139\/revisions"}],"predecessor-version":[{"id":1300,"href":"https:\/\/www.movimentobloom.org.pt\/pt\/wp-json\/wp\/v2\/posts\/1139\/revisions\/1300"}],"wp:featuredmedia":[{"embeddable":true,"href":"https:\/\/www.movimentobloom.org.pt\/pt\/wp-json\/wp\/v2\/media\/1245"}],"wp:attachment":[{"href":"https:\/\/www.movimentobloom.org.pt\/pt\/wp-json\/wp\/v2\/media?parent=1139"}],"wp:term":[{"taxonomy":"category","embeddable":true,"href":"https:\/\/www.movimentobloom.org.pt\/pt\/wp-json\/wp\/v2\/categories?post=1139"},{"taxonomy":"post_tag","embeddable":true,"href":"https:\/\/www.movimentobloom.org.pt\/pt\/wp-json\/wp\/v2\/tags?post=1139"}],"curies":[{"name":"wp","href":"https:\/\/api.w.org\/{rel}","templated":true}]}}